{"id":146,"date":"2013-10-13T21:13:23","date_gmt":"2013-10-13T19:13:23","guid":{"rendered":"http:\/\/labodemaths.fr\/WordPress3\/?p=146"},"modified":"2013-10-13T21:54:16","modified_gmt":"2013-10-13T19:54:16","slug":"flocon-de-von-koch","status":"publish","type":"post","link":"https:\/\/labodemaths.fr\/WordPress3\/flocon-de-von-koch\/","title":{"rendered":"Flocon de Von Koch"},"content":{"rendered":"<p><a href=\"https:\/\/labodemaths.fr\/WordPress3\/wp-content\/uploads\/2013\/10\/images-12.jpeg\"><img loading=\"lazy\" class=\"alignnone size-full wp-image-150\" alt=\"images (12)\" src=\"https:\/\/labodemaths.fr\/WordPress3\/wp-content\/uploads\/2013\/10\/images-12.jpeg\" width=\"299\" height=\"168\" \/><\/a><br \/>\nFlocon de Von Kock.<br \/>\n<strong>Primaire et Coll\u00e8ge :<\/strong><br \/>\n&#8211; triangle \u00e9quilat\u00e9ral, milieu d&rsquo;un segment.<br \/>\n&#8211; p\u00e9rim\u00e8tre d&rsquo;une figure.<br \/>\n&#8211; travail sur la pr\u00e9cision des trac\u00e9s en g\u00e9om\u00e9trie.<br \/>\n<strong>Lyc\u00e9e :<\/strong><br \/>\n&#8211; \u00e9tudes de suite : aire et p\u00e9rim\u00e8tre de la figure.<\/p>\n<p>Le document pdf :<a href=\"https:\/\/labodemaths.fr\/WordPress3\/wp-content\/uploads\/2013\/10\/vonkoch.pdf\">Flocon de Von Koch<\/a><\/p>\n<p>Attention de bien imprimer la derni\u00e8re page au format A3 pour<br \/>\navoir un nombre qui se divise bien par 3 ( 27 cm ).<br \/>\nPour cela lors de l&rsquo;impression conserver la taille originale du<br \/>\ndocument ou sinon agrandir en A3.<\/p>\n","protected":false},"excerpt":{"rendered":"<p>Flocon de Von Kock. Primaire et Coll\u00e8ge : &#8211; triangle \u00e9quilat\u00e9ral, milieu d&rsquo;un segment. &#8211;&#8230;<\/p>\n<div class=\"more-link-wrapper\"><a class=\"more-link\" href=\"https:\/\/labodemaths.fr\/WordPress3\/flocon-de-von-koch\/\">Read the post<span class=\"screen-reader-text\">Flocon de Von Koch<\/span><\/a><\/div>\n","protected":false},"author":2,"featured_media":0,"comment_status":"open","ping_status":"open","sticky":false,"template":"","format":"standard","meta":[],"categories":[26],"tags":[],"_links":{"self":[{"href":"https:\/\/labodemaths.fr\/WordPress3\/wp-json\/wp\/v2\/posts\/146"}],"collection":[{"href":"https:\/\/labodemaths.fr\/WordPress3\/wp-json\/wp\/v2\/posts"}],"about":[{"href":"https:\/\/labodemaths.fr\/WordPress3\/wp-json\/wp\/v2\/types\/post"}],"author":[{"embeddable":true,"href":"https:\/\/labodemaths.fr\/WordPress3\/wp-json\/wp\/v2\/users\/2"}],"replies":[{"embeddable":true,"href":"https:\/\/labodemaths.fr\/WordPress3\/wp-json\/wp\/v2\/comments?post=146"}],"version-history":[{"count":4,"href":"https:\/\/labodemaths.fr\/WordPress3\/wp-json\/wp\/v2\/posts\/146\/revisions"}],"predecessor-version":[{"id":161,"href":"https:\/\/labodemaths.fr\/WordPress3\/wp-json\/wp\/v2\/posts\/146\/revisions\/161"}],"wp:attachment":[{"href":"https:\/\/labodemaths.fr\/WordPress3\/wp-json\/wp\/v2\/media?parent=146"}],"wp:term":[{"taxonomy":"category","embeddable":true,"href":"https:\/\/labodemaths.fr\/WordPress3\/wp-json\/wp\/v2\/categories?post=146"},{"taxonomy":"post_tag","embeddable":true,"href":"https:\/\/labodemaths.fr\/WordPress3\/wp-json\/wp\/v2\/tags?post=146"}],"curies":[{"name":"wp","href":"https:\/\/api.w.org\/{rel}","templated":true}]}}